{"id":6621,"date":"2026-02-24T16:06:54","date_gmt":"2026-02-24T15:06:54","guid":{"rendered":"https:\/\/erreniegaip.educacion.navarra.es\/web\/?p=6621"},"modified":"2026-02-27T11:36:20","modified_gmt":"2026-02-27T10:36:20","slug":"matricula-2026-2027","status":"publish","type":"post","link":"https:\/\/erreniegaip.educacion.navarra.es\/web\/es\/blog\/matricula-2026-2027\/","title":{"rendered":"Matr\u00edcula 2026-2027"},"content":{"rendered":"\n<h4 class=\"has-text-align-center\">LA PREMATRICULACI\u00d3N DEL CURSO 2026-2027<\/h4>\n\n\n\n<p class=\"has-text-align-center\"><strong>SER\u00c1 DEL 9 AL 13 DE MARZO<\/strong><\/p>\n\n\n\n<p><strong>DOCUMENTACI\u00d3N<\/strong><\/p>\n\n\n\n<ul><li>Para presentar las solicitudes en la secretar\u00eda de Erreniega acudir dentro del plazo entre las 9:00 y las 15:00.<\/li><li>Para presentar las solicitudes telem\u00e1ticamente:<ul><li>PORTAL EDUCA:<a href=\"https:\/\/erreniegaip.educacion.navarra.es\/web\/wp-content\/uploads\/2021\/05\/es_infografia_educa_resumida.pdf\"> Instrucciones<\/a> para entrar en Educa<\/li><li><a href=\"https:\/\/docs.google.com\/document\/d\/e\/2PACX-1vTfpHEv5dN65tC_NLUUjG43h0W_mfQS6NohmBjEnIaRfFM5vp3KB8PNfrBvX-emAVfjCY5eKcM0PW1O\/pub\">Instrucciones<\/a> para presentar las solicitudes<\/li><\/ul><\/li><li><strong><a href=\"https:\/\/erreniegaip.educacion.navarra.es\/web\/wp-content\/uploads\/2026\/02\/Guia-escolarizacion-26-27-INF-PRIMARIA-cast..pdf\" data-type=\"URL\" data-id=\"https:\/\/erreniegaip.educacion.navarra.es\/web\/wp-content\/uploads\/2026\/02\/Guia-escolarizacion-26-27-INF-PRIMARIA-cast..pdf\" target=\"_blank\" rel=\"noreferrer noopener\">Gu\u00eda proceso admisi\u00f3n<\/a>.<\/strong><\/li><\/ul>\n\n\n\n<p class=\"has-text-align-center\">\u2193\u2193\u2193 DOCUMENTACI\u00d3N A PRESENTAR \u2193\u2193\u2193<\/p>\n\n\n\n<ul><li><strong>Impreso de Gobierno de Navarra <\/strong>(<a rel=\"noreferrer noopener\" href=\"https:\/\/erreniegaip.educacion.navarra.es\/web\/wp-content\/uploads\/2026\/02\/Solicitud-INF-PRIM-26-27-plazo-ordinario-1.pdf\" data-type=\"URL\" data-id=\"https:\/\/erreniegaip.educacion.navarra.es\/web\/wp-content\/uploads\/2026\/02\/Solicitud-INF-PRIM-26-27-plazo-ordinario-1.pdf\" target=\"_blank\">Anexo III<\/a>).<em> Entrega TELEM\u00c1TICA o PRESENCIAL.<\/em><\/li><li><strong>Certificado de empadronamiento \/ Volante de empadronamiento <\/strong>(deben figurar los nombres del alumno y el del padre, madre o tutor legal). Se solicita en el Ayuntamiento. <em>Entrega TELEM\u00c1TICA o PRESENCIAL.<\/em><\/li><li><strong>Fotocopia del libro de familia <\/strong>o documento equivalente. <em>Entrega TELEM\u00c1TICA o PRESENCIAL.<\/em><\/li><li>Fotocopia del t\u00edtulo de <strong>familia numerosa<\/strong> o <strong>familia monoparental<\/strong>, en su caso. <em>Entrega TELEM\u00c1TICA o PRESENCIAL.<\/em><\/li><li><strong>Impreso de matr\u00edcula de Erreniega IP<\/strong>, cumplimentado en su totalidad. <em>Entrega PRESENCIAL*.\u00a0 \u00a0 \u00a0 \u00a0 \u00a0 \u00a0 \u00a0 \u00a0 \u00a0 \u00a0 \u00a0 \u00a0 2 opciones:<\/em><ul><li><a href=\"https:\/\/docs.google.com\/document\/d\/1PSgMtrysUYr4OIFpwAQZb1cFYZfgyJm010gVKdWHPaQ\/copy?tab=t.0\" data-type=\"URL\" data-id=\"https:\/\/docs.google.com\/document\/d\/1PSgMtrysUYr4OIFpwAQZb1cFYZfgyJm010gVKdWHPaQ\/copy?tab=t.0\" target=\"_blank\" rel=\"noreferrer noopener\">Impreso.docx<\/a>: lo pod\u00e9is rellenar directamente en el ordenador, editando el documento en word (abrir, vista, editar) y escribiendo donde os va indicando. Luego guardarlo y envi\u00e1rnoslo.<\/li><li><a rel=\"noreferrer noopener\" href=\"https:\/\/drive.google.com\/file\/d\/1ORUtfSZumA85tmJa9xCCFjrnobJyVlRC\/view?usp=sharing\" data-type=\"URL\" data-id=\"https:\/\/drive.google.com\/file\/d\/1ORUtfSZumA85tmJa9xCCFjrnobJyVlRC\/view?usp=sharing\" target=\"_blank\">Impreso.pdf<\/a>: para imprimirlo y rellenarlo a mano, descargad la versi\u00f3n en pdf que os adjuntamos.<\/li><\/ul><\/li><li>Fotocopia de la<strong> hoja de vacunaciones <\/strong>de la Cartilla de Salud o documento equivalente. <em>Entrega PRESENCIAL*.<\/em><\/li><li>Fotocopia de la <strong>tarjeta sanitaria. <\/strong><em>Entrega PRESENCIAL*.<\/em><\/li><li><strong>Informes m\u00e9dicos <\/strong>en caso de enfermedades cr\u00f3nicas, minusval\u00edas, alergias o cualquier otra circunstancia que se deba conocer. <em>Entrega PRESENCIAL*.<\/em><\/li><li><strong>1 fotograf\u00eda <\/strong>de tama\u00f1o carnet. <em>Entrega PRESENCIAL*.<\/em><\/li><li>Cualquier otra documentaci\u00f3n que cada solicitante estime oportuna para la asignaci\u00f3n de puntos de la baremaci\u00f3n. <em>Entrega TELEM\u00c1TICA o PRESENCIAL.<\/em><\/li><\/ul>\n\n\n\n<p><strong>*<\/strong>&nbsp; Los documentos que solo tienen la opci\u00f3n de \u00ab<strong><em>entrega PRESENCIAL<\/em><\/strong>\u00bb los pod\u00e9is enviar por correo electr\u00f3nico a ipzizur@educacion.navarra.es y los uniremos a vuestro expediente.<\/p>\n\n\n\n<p class=\"has-text-align-center\">M\u00e1s informaci\u00f3n del Departamento de Educaci\u00f3n:<\/p>\n\n\n\n<p class=\"has-text-align-center\"> https:\/\/preinscripcion.navarra.es\/es\/inicio<\/p>\n\n\n\n<p class=\"has-text-align-center\">\u00a1Bienvenid@s a Erreniega!<\/p>\n\n\n\n<figure class=\"wp-block-embed is-type-video is-provider-youtube wp-block-embed-youtube wp-embed-aspect-16-9 wp-has-aspect-ratio\"><div class=\"wp-block-embed__wrapper\">\n<iframe loading=\"lazy\" title=\"EGUN BAT ESKOLAN (3 URTE)\" width=\"500\" height=\"281\" src=\"https:\/\/www.youtube.com\/embed\/lz2hozmJzPU?feature=oembed\" frameborder=\"0\" allow=\"accelerometer; autoplay; clipboard-write; encrypted-media; gyroscope; picture-in-picture; web-share\" referrerpolicy=\"strict-origin-when-cross-origin\" allowfullscreen><\/iframe>\n<\/div><\/figure>\n","protected":false},"excerpt":{"rendered":"<p>LA PREMATRICULACI\u00d3N DEL CURSO 2026-2027 SER\u00c1 DEL 9 AL 13 DE MARZO DOCUMENTACI\u00d3N Para presentar las solicitudes en la secretar\u00eda de Erreniega acudir dentro del plazo entre las 9:00 y las 15:00. Para presentar las solicitudes telem\u00e1ticamente: PORTAL EDUCA: Instrucciones para entrar en Educa Instrucciones para presentar las solicitudes Gu\u00eda proceso admisi\u00f3n. \u2193\u2193\u2193 DOCUMENTACI\u00d3N A [&hellip;]<\/p>\n","protected":false},"author":1,"featured_media":6622,"comment_status":"open","ping_status":"open","sticky":false,"template":"","format":"standard","meta":{"_genesis_hide_title":false,"_genesis_hide_breadcrumbs":false,"_genesis_hide_singular_image":false,"_genesis_hide_footer_widgets":false,"_genesis_custom_body_class":"","_genesis_custom_post_class":"","_genesis_layout":""},"categories":[6],"tags":[],"_links":{"self":[{"href":"https:\/\/erreniegaip.educacion.navarra.es\/web\/es\/wp-json\/wp\/v2\/posts\/6621"}],"collection":[{"href":"https:\/\/erreniegaip.educacion.navarra.es\/web\/es\/wp-json\/wp\/v2\/posts"}],"about":[{"href":"https:\/\/erreniegaip.educacion.navarra.es\/web\/es\/wp-json\/wp\/v2\/types\/post"}],"author":[{"embeddable":true,"href":"https:\/\/erreniegaip.educacion.navarra.es\/web\/es\/wp-json\/wp\/v2\/users\/1"}],"replies":[{"embeddable":true,"href":"https:\/\/erreniegaip.educacion.navarra.es\/web\/es\/wp-json\/wp\/v2\/comments?post=6621"}],"version-history":[{"count":5,"href":"https:\/\/erreniegaip.educacion.navarra.es\/web\/es\/wp-json\/wp\/v2\/posts\/6621\/revisions"}],"predecessor-version":[{"id":6646,"href":"https:\/\/erreniegaip.educacion.navarra.es\/web\/es\/wp-json\/wp\/v2\/posts\/6621\/revisions\/6646"}],"wp:featuredmedia":[{"embeddable":true,"href":"https:\/\/erreniegaip.educacion.navarra.es\/web\/es\/wp-json\/wp\/v2\/media\/6622"}],"wp:attachment":[{"href":"https:\/\/erreniegaip.educacion.navarra.es\/web\/es\/wp-json\/wp\/v2\/media?parent=6621"}],"wp:term":[{"taxonomy":"category","embeddable":true,"href":"https:\/\/erreniegaip.educacion.navarra.es\/web\/es\/wp-json\/wp\/v2\/categories?post=6621"},{"taxonomy":"post_tag","embeddable":true,"href":"https:\/\/erreniegaip.educacion.navarra.es\/web\/es\/wp-json\/wp\/v2\/tags?post=6621"}],"curies":[{"name":"wp","href":"https:\/\/api.w.org\/{rel}","templated":true}]}}